{"id":1809,"date":"2025-06-06T09:16:07","date_gmt":"2025-06-06T12:16:07","guid":{"rendered":"https:\/\/enscursos.com.br\/blog\/?p=1809"},"modified":"2025-06-05T09:18:43","modified_gmt":"2025-06-05T12:18:43","slug":"seguro-de-doencas-graves-cresce-mais-de-20-e-se-consolida-como-tendencia-no-mercado-brasileiro","status":"publish","type":"post","link":"https:\/\/enscursos.com.br\/blog\/seguro-de-doencas-graves-cresce-mais-de-20-e-se-consolida-como-tendencia-no-mercado-brasileiro\/","title":{"rendered":"Seguro de Doen\u00e7as Graves cresce mais de 20% e se consolida como tend\u00eancia no mercado brasileiro"},"content":{"rendered":"\n<blockquote class=\"wp-block-quote\">\n<p><strong>Produto se destaca como alternativa de prote\u00e7\u00e3o financeira, especialmente para quem busca complementar planos de sa\u00fade e preservar seu padr\u00e3o de vida<\/strong><\/p>\n<\/blockquote>\n\n\n\n<p>O mercado de seguros de pessoas no Brasil segue em franca expans\u00e3o. Dados da <strong>Federa\u00e7\u00e3o Nacional de Previd\u00eancia Privada e Vida (Fenaprevi)<\/strong>, com base nas informa\u00e7\u00f5es da <strong>Superintend\u00eancia de Seguros Privados (Susep)<\/strong>, revelam que os <strong>seguros de Doen\u00e7as Graves cresceram 22,2% no primeiro bimestre de 2025<\/strong>, percentual que supera inclusive o avan\u00e7o do tradicional ramo <strong>Vida Individual<\/strong>, que ficou em 14,7% no mesmo per\u00edodo.<\/p>\n\n\n\n<p>Esse aumento reflete n\u00e3o apenas um momento positivo do setor, mas tamb\u00e9m um movimento consistente de <strong>amplia\u00e7\u00e3o da consci\u00eancia da popula\u00e7\u00e3o sobre a import\u00e2ncia do seguro como prote\u00e7\u00e3o financeira<\/strong>, tanto em situa\u00e7\u00f5es emergenciais quanto para manuten\u00e7\u00e3o da qualidade de vida.<\/p>\n\n\n\n<h3 class=\"wp-block-heading\">Por que cresce a procura pelo seguro de Doen\u00e7as Graves?<\/h3>\n\n\n\n<p>O crescimento desse produto est\u00e1 diretamente ligado \u00e0s mudan\u00e7as no perfil do consumidor e \u00e0 evolu\u00e7\u00e3o das ofertas no mercado segurador. <strong>Bernardo Castello<\/strong>, 1\u00ba vice-presidente da <strong>Fenaprevi<\/strong>, explica que, ao longo da \u00faltima d\u00e9cada, o setor trabalhou para desenvolver produtos que oferecessem <strong>prote\u00e7\u00e3o n\u00e3o apenas em caso de morte, mas tamb\u00e9m em vida.<\/strong><\/p>\n\n\n\n<blockquote class=\"wp-block-quote\">\n<p><strong>\u201cAs coberturas de Doen\u00e7as Graves funcionam para uma pessoa que tem um plano de sa\u00fade, pois o pagamento da indeniza\u00e7\u00e3o pode ajudar tanto na aquisi\u00e7\u00e3o de medicamentos quanto na melhoria do tratamento. E, para quem n\u00e3o tem plano, serve para garantir um tratamento digno e de maior qualidade na ocorr\u00eancia de uma doen\u00e7a grave\u201d<\/strong>, destaca Castello.<\/p>\n<\/blockquote>\n\n\n\n<figure class=\"wp-block-image size-full\"><img data-dominant-color=\"978878\" data-has-transparency=\"false\" style=\"--dominant-color: #978878;\" decoding=\"async\" loading=\"lazy\" width=\"800\" height=\"533\" sizes=\"auto, (max-width: 800px) 100vw, 800px\" src=\"https:\/\/enscursos.com.br\/blog\/wp-content\/uploads\/2025\/06\/image.avif\" alt=\"Bernardo Castello, 1\u00ba vice-presidente da Fenaprevi\" class=\"wp-image-1810 not-transparent\" srcset=\"https:\/\/enscursos.com.br\/blog\/wp-content\/uploads\/2025\/06\/image.avif 800w, https:\/\/enscursos.com.br\/blog\/wp-content\/uploads\/2025\/06\/image-300x200.avif 300w, https:\/\/enscursos.com.br\/blog\/wp-content\/uploads\/2025\/06\/image-768x512.avif 768w\" \/><figcaption class=\"wp-element-caption\"><strong>Bernardo Castello<\/strong> &#8211; 1\u00ba vice-presidente da <strong>Fenaprevi<\/strong><\/figcaption><\/figure>\n\n\n\n<p>A cobertura varia de acordo com cada seguradora, mas, de forma geral, contempla doen\u00e7as como <strong>c\u00e2ncer, acidente vascular cerebral (AVC), doen\u00e7as card\u00edacas e, em alguns casos, transplantes de \u00f3rg\u00e3os.<\/strong> O valor m\u00e9dio da indeniza\u00e7\u00e3o gira em torno de <strong>R$ 200 a R$ 300 mil<\/strong>, segundo a Fenaprevi \u2014 quantia suficiente para custear boa parte dos tratamentos na rede privada.<\/p>\n\n\n\n<h3 class=\"wp-block-heading\">Prote\u00e7\u00e3o da renda e bem-estar financeiro<\/h3>\n\n\n\n<p>Al\u00e9m de assegurar recursos para tratamentos m\u00e9dicos, o seguro de Doen\u00e7as Graves tamb\u00e9m desempenha um papel fundamental na prote\u00e7\u00e3o da renda, especialmente para profissionais liberais e aut\u00f4nomos que ficam impedidos de trabalhar durante o per\u00edodo de recupera\u00e7\u00e3o.<\/p>\n\n\n\n<p>De acordo com <strong>Daniel Valente<\/strong>, respons\u00e1vel pela \u00e1rea de Seguros da <strong>Fami Capital<\/strong>, <strong>\u201c\u00e9 um seguro que permite proteger a renda, especialmente durante o afastamento do trabalho. O valor da cobertura \u00e9 isento de imposto de renda, n\u00e3o funciona como reembolso e contribui para a manuten\u00e7\u00e3o do padr\u00e3o de vida. Nossa orienta\u00e7\u00e3o \u00e9 contratar a cobertura que cubra, no m\u00ednimo, seis meses de afastamento\u201d<\/strong>, orienta.<\/p>\n\n\n\n<h3 class=\"wp-block-heading\">Tend\u00eancias para o mercado e impactos no setor<\/h3>\n\n\n\n<p>Para <strong>Fernando Teixeira<\/strong>, analista de Cr\u00e9dito da <strong>Warren Asset Management<\/strong>, o envelhecimento da popula\u00e7\u00e3o, somado \u00e0s mudan\u00e7as comportamentais provocadas pela pandemia, impulsiona a procura por seguros voltados \u00e0 prote\u00e7\u00e3o da sa\u00fade e da renda.<\/p>\n\n\n\n<blockquote class=\"wp-block-quote\">\n<p><strong>\u201cApesar da expans\u00e3o, esse tipo de seguro ainda representa uma fra\u00e7\u00e3o relativamente pequena da receita total das seguradoras. Por\u00e9m, \u00e9 uma fonte com potencial de crescimento, principalmente entre a popula\u00e7\u00e3o de maior poder aquisitivo\u201d<\/strong>, avalia Teixeira.<\/p>\n<\/blockquote>\n\n\n\n<p>Al\u00e9m dos impactos diretos no mercado segurador, esse movimento tamb\u00e9m influencia outros setores, como planos de sa\u00fade e hospitais privados. A indeniza\u00e7\u00e3o recebida pelos segurados pode <strong>reduzir a sinistralidade das operadoras de sa\u00fade<\/strong>, ao aliviar parte dos custos de tratamentos complexos, e <strong>impulsionar a demanda por servi\u00e7os especializados na rede privada.<\/strong><\/p>\n\n\n\n<h3 class=\"wp-block-heading\">Desafios na comercializa\u00e7\u00e3o e aten\u00e7\u00e3o no p\u00f3s-venda<\/h3>\n\n\n\n<p>Embora o crescimento do seguro de Doen\u00e7as Graves seja expressivo, <strong>o sucesso na contrata\u00e7\u00e3o e na efetividade do produto depende de um processo de venda qualificado e transparente.<\/strong><\/p>\n\n\n\n<p><strong>\u201c\u00c9 fundamental que o corretor oriente o cliente sobre todos os detalhes do seguro, incluindo prazos de car\u00eancia e a necessidade de preenchimento da declara\u00e7\u00e3o de sa\u00fade. Isso evita problemas na hora da indeniza\u00e7\u00e3o, especialmente em casos de doen\u00e7as pr\u00e9-existentes n\u00e3o declaradas\u201d<\/strong>, alerta Valente, da Fami Capital.<\/p>\n\n\n\n<h3 class=\"wp-block-heading\">Oportunidades para quem atua no setor<\/h3>\n\n\n\n<p>O crescimento da procura por seguros de Doen\u00e7as Graves revela uma clara tend\u00eancia de expans\u00e3o do mercado de seguros de pessoas no Brasil. Para profissionais que atuam ou desejam atuar no setor, \u00e9 uma oportunidade de <strong>se especializar em produtos voltados \u00e0 prote\u00e7\u00e3o financeira e \u00e0 gest\u00e3o de riscos pessoais.<\/strong><\/p>\n\n\n\n<p>A <strong>ENS<\/strong> oferece cursos, certifica\u00e7\u00f5es e programas de capacita\u00e7\u00e3o focados em seguros de pessoas, gest\u00e3o de riscos e desenvolvimento de solu\u00e7\u00f5es inovadoras, preparando os profissionais para atender \u00e0s novas demandas de um mercado cada vez mais din\u00e2mico e centrado nas necessidades do cliente.<\/p>\n","protected":false},"excerpt":{"rendered":"<p>Produto se destaca como alternativa de prote\u00e7\u00e3o financeira, especialmente para quem busca complementar planos de sa\u00fade e preservar seu padr\u00e3o de vida O mercado de seguros de pessoas no Brasil segue em franca expans\u00e3o. Dados da Federa\u00e7\u00e3o Nacional de Previd\u00eancia Privada e Vida (Fenaprevi), com base nas informa\u00e7\u00f5es da Superintend\u00eancia de Seguros Privados (Susep), revelam&#8230;<\/p>\n","protected":false},"author":3,"featured_media":1810,"comment_status":"open","ping_status":"open","sticky":false,"template":"","format":"standard","meta":{"_kad_blocks_custom_css":"","_kad_blocks_head_custom_js":"","_kad_blocks_body_custom_js":"","_kad_blocks_footer_custom_js":"","_kadence_starter_templates_imported_post":false,"_kad_post_transparent":"","_kad_post_title":"","_kad_post_layout":"","_kad_post_sidebar_id":"","_kad_post_content_style":"","_kad_post_vertical_padding":"","_kad_post_feature":"","_kad_post_feature_position":"","_kad_post_header":false,"_kad_post_footer":false,"footnotes":""},"categories":[1],"tags":[],"taxonomy_info":{"category":[{"value":1,"label":"Mercado de seguros"}]},"featured_image_src_large":["https:\/\/enscursos.com.br\/blog\/wp-content\/uploads\/2025\/06\/image.avif",800,533,false],"author_info":{"display_name":"ENS","author_link":"https:\/\/enscursos.com.br\/blog\/autor\/gustavo-rodrigues\/"},"comment_info":5,"category_info":[{"term_id":1,"name":"Mercado de seguros","slug":"mercado-de-seguros","term_group":0,"term_taxonomy_id":1,"taxonomy":"category","description":"","parent":0,"count":22,"filter":"raw","cat_ID":1,"category_count":22,"category_description":"","cat_name":"Mercado de seguros","category_nicename":"mercado-de-seguros","category_parent":0}],"tag_info":false,"_links":{"self":[{"href":"https:\/\/enscursos.com.br\/blog\/wp-json\/wp\/v2\/posts\/1809"}],"collection":[{"href":"https:\/\/enscursos.com.br\/blog\/wp-json\/wp\/v2\/posts"}],"about":[{"href":"https:\/\/enscursos.com.br\/blog\/wp-json\/wp\/v2\/types\/post"}],"author":[{"embeddable":true,"href":"https:\/\/enscursos.com.br\/blog\/wp-json\/wp\/v2\/users\/3"}],"replies":[{"embeddable":true,"href":"https:\/\/enscursos.com.br\/blog\/wp-json\/wp\/v2\/comments?post=1809"}],"version-history":[{"count":1,"href":"https:\/\/enscursos.com.br\/blog\/wp-json\/wp\/v2\/posts\/1809\/revisions"}],"predecessor-version":[{"id":1811,"href":"https:\/\/enscursos.com.br\/blog\/wp-json\/wp\/v2\/posts\/1809\/revisions\/1811"}],"wp:featuredmedia":[{"embeddable":true,"href":"https:\/\/enscursos.com.br\/blog\/wp-json\/wp\/v2\/media\/1810"}],"wp:attachment":[{"href":"https:\/\/enscursos.com.br\/blog\/wp-json\/wp\/v2\/media?parent=1809"}],"wp:term":[{"taxonomy":"category","embeddable":true,"href":"https:\/\/enscursos.com.br\/blog\/wp-json\/wp\/v2\/categories?post=1809"},{"taxonomy":"post_tag","embeddable":true,"href":"https:\/\/enscursos.com.br\/blog\/wp-json\/wp\/v2\/tags?post=1809"}],"curies":[{"name":"wp","href":"https:\/\/api.w.org\/{rel}","templated":true}]}}